{"id":695,"date":"2021-04-27T20:24:26","date_gmt":"2021-04-27T18:24:26","guid":{"rendered":"https:\/\/nakfitbcn.com\/?p=695"},"modified":"2021-04-27T20:24:37","modified_gmt":"2021-04-27T18:24:37","slug":"bye-bye-astenia-primaveral","status":"publish","type":"post","link":"https:\/\/nakfitbcn.com\/es\/bye-bye-astenia-primaveral\/","title":{"rendered":"Bye bye astenia primaveral!"},"content":{"rendered":"\n<p>Te sientes identificad@ con\u2026<\/p>\n\n\n\n<p>\u00bfEl cansancio y la somnolencia durante el d\u00eda?<\/p>\n\n\n\n<p>\u00bfLa falta de energ\u00eda?<\/p>\n\n\n\n<p>\u00bfIrritabilidad?<\/p>\n\n\n\n<p>\u00bfDificultad para conciliar el sue\u00f1o por la noche?<\/p>\n\n\n\n<p>\u00bfP\u00e9rdida de apetito?<\/p>\n\n\n\n<p>\u00bfDolores de cabeza frecuentes?<\/p>\n\n\n\n<figure class=\"wp-block-image\"><img fetchpriority=\"high\" decoding=\"async\" width=\"1024\" height=\"768\" src=\"https:\/\/nakfitbcn.com\/wp-content\/uploads\/2021\/04\/french-bulldog-4713013_1920-copia-1024x768.jpg\" alt=\"\" class=\"wp-image-702\" srcset=\"https:\/\/nakfitbcn.com\/wp-content\/uploads\/2021\/04\/french-bulldog-4713013_1920-copia-1024x768.jpg 1024w, https:\/\/nakfitbcn.com\/wp-content\/uploads\/2021\/04\/french-bulldog-4713013_1920-copia-300x225.jpg 300w, https:\/\/nakfitbcn.com\/wp-content\/uploads\/2021\/04\/french-bulldog-4713013_1920-copia-768x576.jpg 768w, https:\/\/nakfitbcn.com\/wp-content\/uploads\/2021\/04\/french-bulldog-4713013_1920-copia.jpg 1920w\" sizes=\"(max-width: 1024px) 100vw, 1024px\" \/><\/figure>\n\n\n\n<p>Hoy te cuento c\u00f3mo decirle \u201c<em>Bye bye<\/em>\u201d a la famosa astenia primaveral que afecta a buena parte de la poblaci\u00f3n por estas fechas.<\/p>\n\n\n\n<p>Pero empecemos por el principio\u2026 \u00bfA qu\u00e9 se debe esta astenia tan pu\u00f1etera que no nos deja vivir nuestro d\u00eda a d\u00eda con la energ\u00eda que nos gustar\u00eda?<\/p>\n\n\n\n<p>La naturaleza es sabia\u2026 Y con la llegada de la primavera nuestro cuerpo lo que hace es b\u00e1sicamente <strong>desintoxicarse<\/strong>. \u00bfPero de qu\u00e9\u00e9\u00e9? Te estar\u00e1s preguntando&#8230;\u00a0<\/p>\n\n\n\n<figure class=\"wp-block-image\"><img decoding=\"async\" width=\"1024\" height=\"683\" src=\"https:\/\/nakfitbcn.com\/wp-content\/uploads\/2021\/04\/winter-5983671_1920-1024x683.jpg\" alt=\"\" class=\"wp-image-696\" srcset=\"https:\/\/nakfitbcn.com\/wp-content\/uploads\/2021\/04\/winter-5983671_1920-1024x683.jpg 1024w, https:\/\/nakfitbcn.com\/wp-content\/uploads\/2021\/04\/winter-5983671_1920-300x200.jpg 300w, https:\/\/nakfitbcn.com\/wp-content\/uploads\/2021\/04\/winter-5983671_1920-768x512.jpg 768w, https:\/\/nakfitbcn.com\/wp-content\/uploads\/2021\/04\/winter-5983671_1920.jpg 1920w\" sizes=\"(max-width: 1024px) 100vw, 1024px\" \/><\/figure>\n\n\n\n<p>Durante el <strong>invierno<\/strong> el cuerpo soporta condiciones de vida algo adversas: poca actividad muscular, vida sedentaria, ambientes cerrados, falta de sol y de aire puro, tendencia a la sobrealimentaci\u00f3n y al uso excesivo de grasas, conservas o pasteler\u00eda\u2026 (\u00a1Viva la Navidad!) y a un menor consumo de frutas frescas y ensaladas. Todo esto comporta algunas deficiencias en vitaminas y oligoelementos minerales.<\/p>\n\n\n\n<p>Adem\u00e1s, durante el invierno, debido a la falta de luz solar, se produce tambi\u00e9n un descenso de la liberaci\u00f3n de serotonina (\u00a1La famosa hormona de la felicidad!) y al mismo tiempo un aumento de la melatonina, que favorece el sue\u00f1o.<\/p>\n\n\n\n<figure class=\"wp-block-image\"><img decoding=\"async\" width=\"1024\" height=\"683\" src=\"https:\/\/nakfitbcn.com\/wp-content\/uploads\/2021\/04\/nature-3184889_1920-1024x683.jpg\" alt=\"\" class=\"wp-image-699\" srcset=\"https:\/\/nakfitbcn.com\/wp-content\/uploads\/2021\/04\/nature-3184889_1920-1024x683.jpg 1024w, https:\/\/nakfitbcn.com\/wp-content\/uploads\/2021\/04\/nature-3184889_1920-300x200.jpg 300w, https:\/\/nakfitbcn.com\/wp-content\/uploads\/2021\/04\/nature-3184889_1920-768x512.jpg 768w, https:\/\/nakfitbcn.com\/wp-content\/uploads\/2021\/04\/nature-3184889_1920.jpg 1920w\" sizes=\"(max-width: 1024px) 100vw, 1024px\" \/><\/figure>\n\n\n\n<p>Cuando llega la <strong>primavera<\/strong> y aumenta la luz ambiental al alargarse el d\u00eda&#8230; el proceso se invierte: aumenta la serotonina y disminuye la melatonina. Esto puede provocarnos insomnio y sensaci\u00f3n de cansancio hasta pasar un peque\u00f1o periodo de adaptaci\u00f3n.<\/p>\n\n\n\n<p>Y ahora vamos a lo que nos interesa. \u00a1C\u00f3mo combatir la astenia primaveral y estar de nuevo a tope de powerrrrr!<\/p>\n\n\n\n<ul class=\"wp-block-list\"><li><strong>Sigue una dieta saludable m\u00e1s fresca y ligera<\/strong>: Aumenta el consumo de tooodo lo verde (ensaladas, verduras y fruta) y mant\u00e9n una correcta hidrataci\u00f3n bebiendo m\u00e1s agua de lo habitual.<\/li><\/ul>\n\n\n\n<ul class=\"wp-block-list\"><li><strong>Respeta el sue\u00f1o y descansa las horas que el cuerpo te pida. <\/strong>Eso s\u00ed, haciendo tambi\u00e9n todo lo posible para despertarlo de su letargo\u2026<\/li><\/ul>\n\n\n\n<ul class=\"wp-block-list\"><li><strong>Y para eso, nada mejor que hacer ejercicio f\u00edsico de forma regular<\/strong>. Si tonificamos nuestro organismo, estaremos generando m\u00e1s endorfinas, y eso nos har\u00e1 sentir m\u00e1s felices y activos.<\/li><\/ul>\n\n\n\n<ul class=\"wp-block-list\"><li>Por \u00faltimo, <strong>busca entornos naturales donde respirar aire puro y estar en contacto con el Lorenzo<\/strong>, eso estimular\u00e1 la producci\u00f3n de vitamina D, la cual disminuye considerablemente durante el invierno, favoreciendo as\u00ed la astenia.<\/li><\/ul>\n\n\n\n<p><em>Bye bye astenia\u2026 \u00a1Y hola vitalidad!!!!<\/em><br><\/p>\n","protected":false},"excerpt":{"rendered":"<p>Te sientes identificad@ con\u2026 \u00bfEl cansancio y la somnolencia durante el d\u00eda? \u00bfLa falta de energ\u00eda? \u00bfIrritabilidad? \u00bfDificultad para conciliar el sue\u00f1o por la noche? \u00bfP\u00e9rdida de apetito? \u00bfDolores de [&hellip;]<\/p>\n","protected":false},"author":3,"featured_media":702,"comment_status":"open","ping_status":"open","sticky":false,"template":"","format":"standard","meta":{"_monsterinsights_skip_tracking":false,"_monsterinsights_sitenote_active":false,"_monsterinsights_sitenote_note":"","_monsterinsights_sitenote_category":0,"_genesis_hide_title":false,"_genesis_hide_breadcrumbs":false,"_genesis_hide_singular_image":false,"_genesis_hide_footer_widgets":false,"_genesis_custom_body_class":"","_genesis_custom_post_class":"","_genesis_layout":"","footnotes":""},"categories":[1],"tags":[29,30,31],"class_list":["post-695","post","type-post","status-publish","format-standard","has-post-thumbnail","category-general","tag-astenia-primaveral","tag-cansancio","tag-sueno","entry"],"yoast_head":"<!-- This site is optimized with the Yoast SEO plugin v26.0 - https:\/\/yoast.com\/wordpress\/plugins\/seo\/ -->\n<title>Bye bye astenia primaveral! - NAKFIT bcn<\/title>\n<meta name=\"description\" content=\"Hoy te cuento c\u00f3mo decirle \u201cBye bye\u201d a la famosa astenia primaveral que afecta a buena parte de la poblaci\u00f3n por estas fechas.\" \/>\n<meta name=\"robots\" content=\"index, follow, max-snippet:-1, max-image-preview:large, max-video-preview:-1\" \/>\n<link rel=\"canonical\" href=\"https:\/\/nakfitbcn.com\/es\/bye-bye-astenia-primaveral\/\" \/>\n<meta property=\"og:locale\" content=\"es_ES\" \/>\n<meta property=\"og:type\" content=\"article\" \/>\n<meta property=\"og:title\" content=\"Bye bye astenia primaveral! - NAKFIT bcn\" \/>\n<meta property=\"og:description\" content=\"Hoy te cuento c\u00f3mo decirle \u201cBye bye\u201d a la famosa astenia primaveral que afecta a buena parte de la poblaci\u00f3n por estas fechas.\" \/>\n<meta property=\"og:url\" content=\"https:\/\/nakfitbcn.com\/es\/bye-bye-astenia-primaveral\/\" \/>\n<meta property=\"og:site_name\" content=\"NAKFIT bcn\" \/>\n<meta property=\"article:published_time\" content=\"2021-04-27T18:24:26+00:00\" \/>\n<meta property=\"article:modified_time\" content=\"2021-04-27T18:24:37+00:00\" \/>\n<meta property=\"og:image\" content=\"https:\/\/nakfitbcn.com\/wp-content\/uploads\/2021\/04\/french-bulldog-4713013_1920-copia.jpg\" \/>\n\t<meta property=\"og:image:width\" content=\"1920\" \/>\n\t<meta property=\"og:image:height\" content=\"1440\" \/>\n\t<meta property=\"og:image:type\" content=\"image\/jpeg\" \/>\n<meta name=\"twitter:card\" content=\"summary_large_image\" \/>\n<meta name=\"twitter:label1\" content=\"Escrito por\" \/>\n\t<meta name=\"twitter:data1\" content=\"\" \/>\n\t<meta name=\"twitter:label2\" content=\"Tiempo de lectura\" \/>\n\t<meta name=\"twitter:data2\" content=\"2 minutos\" \/>\n<script type=\"application\/ld+json\" class=\"yoast-schema-graph\">{\"@context\":\"https:\/\/schema.org\",\"@graph\":[{\"@type\":\"Article\",\"@id\":\"https:\/\/nakfitbcn.com\/es\/bye-bye-astenia-primaveral\/#article\",\"isPartOf\":{\"@id\":\"https:\/\/nakfitbcn.com\/es\/bye-bye-astenia-primaveral\/\"},\"author\":{\"name\":\"\",\"@id\":\"\"},\"headline\":\"Bye bye astenia primaveral!\",\"datePublished\":\"2021-04-27T18:24:26+00:00\",\"dateModified\":\"2021-04-27T18:24:37+00:00\",\"mainEntityOfPage\":{\"@id\":\"https:\/\/nakfitbcn.com\/es\/bye-bye-astenia-primaveral\/\"},\"wordCount\":430,\"commentCount\":0,\"publisher\":{\"@id\":\"https:\/\/nakfitbcn.com\/es\/#organization\"},\"image\":{\"@id\":\"https:\/\/nakfitbcn.com\/es\/bye-bye-astenia-primaveral\/#primaryimage\"},\"thumbnailUrl\":\"https:\/\/nakfitbcn.com\/wp-content\/uploads\/2021\/04\/french-bulldog-4713013_1920-copia.jpg\",\"keywords\":[\"astenia primaveral\",\"cansancio\",\"sue\u00f1o\"],\"articleSection\":[\"General\"],\"inLanguage\":\"es\",\"potentialAction\":[{\"@type\":\"CommentAction\",\"name\":\"Comment\",\"target\":[\"https:\/\/nakfitbcn.com\/es\/bye-bye-astenia-primaveral\/#respond\"]}]},{\"@type\":\"WebPage\",\"@id\":\"https:\/\/nakfitbcn.com\/es\/bye-bye-astenia-primaveral\/\",\"url\":\"https:\/\/nakfitbcn.com\/es\/bye-bye-astenia-primaveral\/\",\"name\":\"Bye bye astenia primaveral! - NAKFIT bcn\",\"isPartOf\":{\"@id\":\"https:\/\/nakfitbcn.com\/es\/#website\"},\"primaryImageOfPage\":{\"@id\":\"https:\/\/nakfitbcn.com\/es\/bye-bye-astenia-primaveral\/#primaryimage\"},\"image\":{\"@id\":\"https:\/\/nakfitbcn.com\/es\/bye-bye-astenia-primaveral\/#primaryimage\"},\"thumbnailUrl\":\"https:\/\/nakfitbcn.com\/wp-content\/uploads\/2021\/04\/french-bulldog-4713013_1920-copia.jpg\",\"datePublished\":\"2021-04-27T18:24:26+00:00\",\"dateModified\":\"2021-04-27T18:24:37+00:00\",\"description\":\"Hoy te cuento c\u00f3mo decirle \u201cBye bye\u201d a la famosa astenia primaveral que afecta a buena parte de la poblaci\u00f3n por estas fechas.\",\"breadcrumb\":{\"@id\":\"https:\/\/nakfitbcn.com\/es\/bye-bye-astenia-primaveral\/#breadcrumb\"},\"inLanguage\":\"es\",\"potentialAction\":[{\"@type\":\"ReadAction\",\"target\":[\"https:\/\/nakfitbcn.com\/es\/bye-bye-astenia-primaveral\/\"]}]},{\"@type\":\"ImageObject\",\"inLanguage\":\"es\",\"@id\":\"https:\/\/nakfitbcn.com\/es\/bye-bye-astenia-primaveral\/#primaryimage\",\"url\":\"https:\/\/nakfitbcn.com\/wp-content\/uploads\/2021\/04\/french-bulldog-4713013_1920-copia.jpg\",\"contentUrl\":\"https:\/\/nakfitbcn.com\/wp-content\/uploads\/2021\/04\/french-bulldog-4713013_1920-copia.jpg\",\"width\":1920,\"height\":1440,\"caption\":\"cansancio, sue\u00f1o, astenia primaveral\"},{\"@type\":\"BreadcrumbList\",\"@id\":\"https:\/\/nakfitbcn.com\/es\/bye-bye-astenia-primaveral\/#breadcrumb\",\"itemListElement\":[{\"@type\":\"ListItem\",\"position\":1,\"name\":\"Portada\",\"item\":\"https:\/\/nakfitbcn.com\/es\/\"},{\"@type\":\"ListItem\",\"position\":2,\"name\":\"Bye bye astenia primaveral!\"}]},{\"@type\":\"WebSite\",\"@id\":\"https:\/\/nakfitbcn.com\/es\/#website\",\"url\":\"https:\/\/nakfitbcn.com\/es\/\",\"name\":\"NAKFIT bcn\",\"description\":\"Entrenador personal titulado en Barcelona. Entrenos al aire libre, en tu casa o tu oficina.\",\"publisher\":{\"@id\":\"https:\/\/nakfitbcn.com\/es\/#organization\"},\"potentialAction\":[{\"@type\":\"SearchAction\",\"target\":{\"@type\":\"EntryPoint\",\"urlTemplate\":\"https:\/\/nakfitbcn.com\/es\/?s={search_term_string}\"},\"query-input\":{\"@type\":\"PropertyValueSpecification\",\"valueRequired\":true,\"valueName\":\"search_term_string\"}}],\"inLanguage\":\"es\"},{\"@type\":\"Organization\",\"@id\":\"https:\/\/nakfitbcn.com\/es\/#organization\",\"name\":\"NAKFIT bcn\",\"url\":\"https:\/\/nakfitbcn.com\/es\/\",\"logo\":{\"@type\":\"ImageObject\",\"inLanguage\":\"es\",\"@id\":\"https:\/\/nakfitbcn.com\/es\/#\/schema\/logo\/image\/\",\"url\":\"https:\/\/nakfitbcn.com\/wp-content\/uploads\/2017\/07\/cropped-NAKFIT-vWEB_v1-1.jpg\",\"contentUrl\":\"https:\/\/nakfitbcn.com\/wp-content\/uploads\/2017\/07\/cropped-NAKFIT-vWEB_v1-1.jpg\",\"width\":500,\"height\":226,\"caption\":\"NAKFIT bcn\"},\"image\":{\"@id\":\"https:\/\/nakfitbcn.com\/es\/#\/schema\/logo\/image\/\"}},{\"@type\":\"Person\",\"@id\":\"\",\"url\":\"https:\/\/nakfitbcn.com\/es\/author\/\"}]}<\/script>\n<!-- \/ Yoast SEO plugin. -->","yoast_head_json":{"title":"Bye bye astenia primaveral! - NAKFIT bcn","description":"Hoy te cuento c\u00f3mo decirle \u201cBye bye\u201d a la famosa astenia primaveral que afecta a buena parte de la poblaci\u00f3n por estas fechas.","robots":{"index":"index","follow":"follow","max-snippet":"max-snippet:-1","max-image-preview":"max-image-preview:large","max-video-preview":"max-video-preview:-1"},"canonical":"https:\/\/nakfitbcn.com\/es\/bye-bye-astenia-primaveral\/","og_locale":"es_ES","og_type":"article","og_title":"Bye bye astenia primaveral! - NAKFIT bcn","og_description":"Hoy te cuento c\u00f3mo decirle \u201cBye bye\u201d a la famosa astenia primaveral que afecta a buena parte de la poblaci\u00f3n por estas fechas.","og_url":"https:\/\/nakfitbcn.com\/es\/bye-bye-astenia-primaveral\/","og_site_name":"NAKFIT bcn","article_published_time":"2021-04-27T18:24:26+00:00","article_modified_time":"2021-04-27T18:24:37+00:00","og_image":[{"width":1920,"height":1440,"url":"https:\/\/nakfitbcn.com\/wp-content\/uploads\/2021\/04\/french-bulldog-4713013_1920-copia.jpg","type":"image\/jpeg"}],"twitter_card":"summary_large_image","twitter_misc":{"Escrito por":"","Tiempo de lectura":"2 minutos"},"schema":{"@context":"https:\/\/schema.org","@graph":[{"@type":"Article","@id":"https:\/\/nakfitbcn.com\/es\/bye-bye-astenia-primaveral\/#article","isPartOf":{"@id":"https:\/\/nakfitbcn.com\/es\/bye-bye-astenia-primaveral\/"},"author":{"name":"","@id":""},"headline":"Bye bye astenia primaveral!","datePublished":"2021-04-27T18:24:26+00:00","dateModified":"2021-04-27T18:24:37+00:00","mainEntityOfPage":{"@id":"https:\/\/nakfitbcn.com\/es\/bye-bye-astenia-primaveral\/"},"wordCount":430,"commentCount":0,"publisher":{"@id":"https:\/\/nakfitbcn.com\/es\/#organization"},"image":{"@id":"https:\/\/nakfitbcn.com\/es\/bye-bye-astenia-primaveral\/#primaryimage"},"thumbnailUrl":"https:\/\/nakfitbcn.com\/wp-content\/uploads\/2021\/04\/french-bulldog-4713013_1920-copia.jpg","keywords":["astenia primaveral","cansancio","sue\u00f1o"],"articleSection":["General"],"inLanguage":"es","potentialAction":[{"@type":"CommentAction","name":"Comment","target":["https:\/\/nakfitbcn.com\/es\/bye-bye-astenia-primaveral\/#respond"]}]},{"@type":"WebPage","@id":"https:\/\/nakfitbcn.com\/es\/bye-bye-astenia-primaveral\/","url":"https:\/\/nakfitbcn.com\/es\/bye-bye-astenia-primaveral\/","name":"Bye bye astenia primaveral! - NAKFIT bcn","isPartOf":{"@id":"https:\/\/nakfitbcn.com\/es\/#website"},"primaryImageOfPage":{"@id":"https:\/\/nakfitbcn.com\/es\/bye-bye-astenia-primaveral\/#primaryimage"},"image":{"@id":"https:\/\/nakfitbcn.com\/es\/bye-bye-astenia-primaveral\/#primaryimage"},"thumbnailUrl":"https:\/\/nakfitbcn.com\/wp-content\/uploads\/2021\/04\/french-bulldog-4713013_1920-copia.jpg","datePublished":"2021-04-27T18:24:26+00:00","dateModified":"2021-04-27T18:24:37+00:00","description":"Hoy te cuento c\u00f3mo decirle \u201cBye bye\u201d a la famosa astenia primaveral que afecta a buena parte de la poblaci\u00f3n por estas fechas.","breadcrumb":{"@id":"https:\/\/nakfitbcn.com\/es\/bye-bye-astenia-primaveral\/#breadcrumb"},"inLanguage":"es","potentialAction":[{"@type":"ReadAction","target":["https:\/\/nakfitbcn.com\/es\/bye-bye-astenia-primaveral\/"]}]},{"@type":"ImageObject","inLanguage":"es","@id":"https:\/\/nakfitbcn.com\/es\/bye-bye-astenia-primaveral\/#primaryimage","url":"https:\/\/nakfitbcn.com\/wp-content\/uploads\/2021\/04\/french-bulldog-4713013_1920-copia.jpg","contentUrl":"https:\/\/nakfitbcn.com\/wp-content\/uploads\/2021\/04\/french-bulldog-4713013_1920-copia.jpg","width":1920,"height":1440,"caption":"cansancio, sue\u00f1o, astenia primaveral"},{"@type":"BreadcrumbList","@id":"https:\/\/nakfitbcn.com\/es\/bye-bye-astenia-primaveral\/#breadcrumb","itemListElement":[{"@type":"ListItem","position":1,"name":"Portada","item":"https:\/\/nakfitbcn.com\/es\/"},{"@type":"ListItem","position":2,"name":"Bye bye astenia primaveral!"}]},{"@type":"WebSite","@id":"https:\/\/nakfitbcn.com\/es\/#website","url":"https:\/\/nakfitbcn.com\/es\/","name":"NAKFIT bcn","description":"Entrenador personal titulado en Barcelona. Entrenos al aire libre, en tu casa o tu oficina.","publisher":{"@id":"https:\/\/nakfitbcn.com\/es\/#organization"},"potentialAction":[{"@type":"SearchAction","target":{"@type":"EntryPoint","urlTemplate":"https:\/\/nakfitbcn.com\/es\/?s={search_term_string}"},"query-input":{"@type":"PropertyValueSpecification","valueRequired":true,"valueName":"search_term_string"}}],"inLanguage":"es"},{"@type":"Organization","@id":"https:\/\/nakfitbcn.com\/es\/#organization","name":"NAKFIT bcn","url":"https:\/\/nakfitbcn.com\/es\/","logo":{"@type":"ImageObject","inLanguage":"es","@id":"https:\/\/nakfitbcn.com\/es\/#\/schema\/logo\/image\/","url":"https:\/\/nakfitbcn.com\/wp-content\/uploads\/2017\/07\/cropped-NAKFIT-vWEB_v1-1.jpg","contentUrl":"https:\/\/nakfitbcn.com\/wp-content\/uploads\/2017\/07\/cropped-NAKFIT-vWEB_v1-1.jpg","width":500,"height":226,"caption":"NAKFIT bcn"},"image":{"@id":"https:\/\/nakfitbcn.com\/es\/#\/schema\/logo\/image\/"}},{"@type":"Person","@id":"","url":"https:\/\/nakfitbcn.com\/es\/author\/"}]}},"_links":{"self":[{"href":"https:\/\/nakfitbcn.com\/es\/wp-json\/wp\/v2\/posts\/695","targetHints":{"allow":["GET"]}}],"collection":[{"href":"https:\/\/nakfitbcn.com\/es\/wp-json\/wp\/v2\/posts"}],"about":[{"href":"https:\/\/nakfitbcn.com\/es\/wp-json\/wp\/v2\/types\/post"}],"author":[{"embeddable":true,"href":"https:\/\/nakfitbcn.com\/es\/wp-json\/wp\/v2\/users\/3"}],"replies":[{"embeddable":true,"href":"https:\/\/nakfitbcn.com\/es\/wp-json\/wp\/v2\/comments?post=695"}],"version-history":[{"count":1,"href":"https:\/\/nakfitbcn.com\/es\/wp-json\/wp\/v2\/posts\/695\/revisions"}],"predecessor-version":[{"id":705,"href":"https:\/\/nakfitbcn.com\/es\/wp-json\/wp\/v2\/posts\/695\/revisions\/705"}],"wp:featuredmedia":[{"embeddable":true,"href":"https:\/\/nakfitbcn.com\/es\/wp-json\/wp\/v2\/media\/702"}],"wp:attachment":[{"href":"https:\/\/nakfitbcn.com\/es\/wp-json\/wp\/v2\/media?parent=695"}],"wp:term":[{"taxonomy":"category","embeddable":true,"href":"https:\/\/nakfitbcn.com\/es\/wp-json\/wp\/v2\/categories?post=695"},{"taxonomy":"post_tag","embeddable":true,"href":"https:\/\/nakfitbcn.com\/es\/wp-json\/wp\/v2\/tags?post=695"}],"curies":[{"name":"wp","href":"https:\/\/api.w.org\/{rel}","templated":true}]}}